{"id":511,"date":"2022-05-16T10:28:49","date_gmt":"2022-05-16T08:28:49","guid":{"rendered":"https:\/\/www.mloc1080.be\/lula\/?p=511"},"modified":"2022-05-16T17:14:13","modified_gmt":"2022-05-16T15:14:13","slug":"le-jardin-potager","status":"publish","type":"post","link":"https:\/\/www.lesunsetlesautres.be\/lula\/2022\/05\/16\/le-jardin-potager\/","title":{"rendered":"Le jardin potager"},"content":{"rendered":"\t\t<div data-elementor-type=\"wp-post\" data-elementor-id=\"511\" class=\"elementor elementor-511\" data-elementor-post-type=\"post\">\n\t\t\t\t\t\t<section class=\"elementor-section elementor-top-section elementor-element elementor-element-16d8dd3e elementor-section-boxed elementor-section-height-default elementor-section-height-default\" data-id=\"16d8dd3e\" data-element_type=\"section\" data-e-type=\"section\">\n\t\t\t\t\t\t<div class=\"elementor-container elementor-column-gap-default\">\n\t\t\t\t\t<div class=\"elementor-column elementor-col-100 elementor-top-column elementor-element elementor-element-6a542d5e\" data-id=\"6a542d5e\" data-element_type=\"column\" data-e-type=\"column\">\n\t\t\t<div class=\"elementor-widget-wrap elementor-element-populated\">\n\t\t\t\t\t\t<div class=\"elementor-element elementor-element-6203e24d elementor-widget elementor-widget-text-editor\" data-id=\"6203e24d\" data-element_type=\"widget\" data-e-type=\"widget\" data-widget_type=\"text-editor.default\">\n\t\t\t\t<div class=\"elementor-widget-container\">\n\t\t\t\t\t\t\t\t\t<p>Gr\u00e2ce aux subsides de la Cocof en Coh\u00e9sion sociale, le jardin potager du restaurant est le c\u0153ur d\u2019un programme d\u2019animation dans un but de coh\u00e9sion sociale. L\u2019id\u00e9e est de rassembler des personnes d\u2019horizons divers et de les mettre en lien gr\u00e2ce \u00e0 une activit\u00e9 collective\u00a0:\u00a0le jardinage.<\/p><p>L\u2019activit\u00e9 est saine pour la sant\u00e9 et accessible aux personnes de toutes les g\u00e9n\u00e9rations et de toutes les cultures.<\/p><p>C\u2019est aussi un moyen simple de mettre ensemble les uns avec les autres, et de faire en somme ce que le restaurant fait d\u00e9j\u00e0 gr\u00e2ce aux repas depuis 2004 : de la coh\u00e9sion sociale.<\/p><p>Le jardin potager est un outil de plus, parfaitement compl\u00e9mentaire, pour parvenir \u00e0 cet objectif de rencontre conviviale entre les habitants, les travailleurs et les visiteurs du quartier.<\/p>\t\t\t\t\t\t\t\t<\/div>\n\t\t\t\t<\/div>\n\t\t\t\t\t<\/div>\n\t\t<\/div>\n\t\t\t\t\t<\/div>\n\t\t<\/section>\n\t\t\t\t<section class=\"elementor-section elementor-top-section elementor-element elementor-element-564da8e elementor-section-boxed elementor-section-height-default elementor-section-height-default\" data-id=\"564da8e\" data-element_type=\"section\" data-e-type=\"section\">\n\t\t\t\t\t\t<div class=\"elementor-container elementor-column-gap-default\">\n\t\t\t\t\t<div class=\"elementor-column elementor-col-100 elementor-top-column elementor-element elementor-element-44dde7a\" data-id=\"44dde7a\" data-element_type=\"column\" data-e-type=\"column\">\n\t\t\t<div class=\"elementor-widget-wrap elementor-element-populated\">\n\t\t\t\t\t\t<div class=\"elementor-element elementor-element-0666d3e elementor-widget elementor-widget-image\" data-id=\"0666d3e\" data-element_type=\"widget\" data-e-type=\"widget\" data-widget_type=\"image.default\">\n\t\t\t\t<div class=\"elementor-widget-container\">\n\t\t\t\t\t\t\t\t\t\t\t\t\t\t\t<img fetchpriority=\"high\" decoding=\"async\" width=\"960\" height=\"717\" src=\"https:\/\/www.lesunsetlesautres.be\/lula\/wp-content\/uploads\/2022\/04\/jardin-potager-2-1024x765.jpg\" class=\"attachment-large size-large wp-image-693\" alt=\"\" srcset=\"https:\/\/www.lesunsetlesautres.be\/lula\/wp-content\/uploads\/2022\/04\/jardin-potager-2-1024x765.jpg 1024w, https:\/\/www.lesunsetlesautres.be\/lula\/wp-content\/uploads\/2022\/04\/jardin-potager-2-300x224.jpg 300w, https:\/\/www.lesunsetlesautres.be\/lula\/wp-content\/uploads\/2022\/04\/jardin-potager-2-768x574.jpg 768w, https:\/\/www.lesunsetlesautres.be\/lula\/wp-content\/uploads\/2022\/04\/jardin-potager-2-1536x1147.jpg 1536w, https:\/\/www.lesunsetlesautres.be\/lula\/wp-content\/uploads\/2022\/04\/jardin-potager-2-2048x1530.jpg 2048w, https:\/\/www.lesunsetlesautres.be\/lula\/wp-content\/uploads\/2022\/04\/jardin-potager-2-1140x851.jpg 1140w\" sizes=\"(max-width: 960px) 100vw, 960px\" \/>\t\t\t\t\t\t\t\t\t\t\t\t\t\t\t<\/div>\n\t\t\t\t<\/div>\n\t\t\t\t\t<\/div>\n\t\t<\/div>\n\t\t\t\t\t<\/div>\n\t\t<\/section>\n\t\t\t\t<\/div>\n\t\t","protected":false},"excerpt":{"rendered":"<p>Gr\u00e2ce aux subsides de la Cocof en Coh\u00e9sion sociale, le jardin potager du restaurant est le c\u0153ur d\u2019un programme d\u2019animation dans un but de coh\u00e9sion sociale. L\u2019id\u00e9e est de rassembler des personnes d\u2019horizons divers et de les mettre en lien gr\u00e2ce \u00e0 une activit\u00e9 collective\u00a0:\u00a0le jardinage. L\u2019activit\u00e9 est saine pour la sant\u00e9 et accessible aux personnes de toutes les g\u00e9n\u00e9rations et de toutes les cultures. C\u2019est aussi un moyen simple de mettre ensemble les uns avec les autres, et de faire en somme ce que le restaurant fait d\u00e9j\u00e0 gr\u00e2ce aux repas depuis 2004 : de la coh\u00e9sion sociale. Le jardin potager est un outil de plus, parfaitement compl\u00e9mentaire, pour parvenir \u00e0 cet objectif de rencontre conviviale entre les habitants, les travailleurs et les visiteurs du quartier.<\/p>\n","protected":false},"author":2,"featured_media":357,"comment_status":"closed","ping_status":"closed","sticky":false,"template":"","format":"standard","meta":{"footnotes":""},"categories":[7,8],"tags":[],"class_list":["post-511","post","type-post","status-publish","format-standard","has-post-thumbnail","hentry","category-jardin-potager","category-restaurant-social"],"_links":{"self":[{"href":"https:\/\/www.lesunsetlesautres.be\/lula\/wp-json\/wp\/v2\/posts\/511","targetHints":{"allow":["GET"]}}],"collection":[{"href":"https:\/\/www.lesunsetlesautres.be\/lula\/wp-json\/wp\/v2\/posts"}],"about":[{"href":"https:\/\/www.lesunsetlesautres.be\/lula\/wp-json\/wp\/v2\/types\/post"}],"author":[{"embeddable":true,"href":"https:\/\/www.lesunsetlesautres.be\/lula\/wp-json\/wp\/v2\/users\/2"}],"replies":[{"embeddable":true,"href":"https:\/\/www.lesunsetlesautres.be\/lula\/wp-json\/wp\/v2\/comments?post=511"}],"version-history":[{"count":18,"href":"https:\/\/www.lesunsetlesautres.be\/lula\/wp-json\/wp\/v2\/posts\/511\/revisions"}],"predecessor-version":[{"id":731,"href":"https:\/\/www.lesunsetlesautres.be\/lula\/wp-json\/wp\/v2\/posts\/511\/revisions\/731"}],"wp:featuredmedia":[{"embeddable":true,"href":"https:\/\/www.lesunsetlesautres.be\/lula\/wp-json\/wp\/v2\/media\/357"}],"wp:attachment":[{"href":"https:\/\/www.lesunsetlesautres.be\/lula\/wp-json\/wp\/v2\/media?parent=511"}],"wp:term":[{"taxonomy":"category","embeddable":true,"href":"https:\/\/www.lesunsetlesautres.be\/lula\/wp-json\/wp\/v2\/categories?post=511"},{"taxonomy":"post_tag","embeddable":true,"href":"https:\/\/www.lesunsetlesautres.be\/lula\/wp-json\/wp\/v2\/tags?post=511"}],"curies":[{"name":"wp","href":"https:\/\/api.w.org\/{rel}","templated":true}]}}